{"id":122,"date":"2014-06-13T08:12:14","date_gmt":"2014-06-13T07:12:14","guid":{"rendered":"http:\/\/www.brode-art.eu\/?p=122"},"modified":"2016-10-27T16:20:26","modified_gmt":"2016-10-27T15:20:26","slug":"ou-prendre-des-cours-de-broderie-dart","status":"publish","type":"post","link":"http:\/\/www.brode-art.eu\/?p=122","title":{"rendered":"O\u00f9 prendre des cours de Broderie d&rsquo;Art ?"},"content":{"rendered":"<p>Bonjour,<br \/>\nvous vous demandez peut-\u00eatre o\u00f9 et aupr\u00e8s de qui prendre des cours de Broderie d&rsquo;Art, Broderie de Lun\u00e9ville, Broderie au ruban, Broderie d&rsquo;or, traditionnelle, etc&#8230;<\/p>\n<p><!--more--><\/p>\n<p>Pour vous aider dans vos recherches, nous vous proposons une liste non exhaustive de brodeurs dispensant des cours ou organisant des ateliers de broderie.<br \/>\nCette liste sera compl\u00e9t\u00e9e au fil du temps.<\/p>\n<table style=\"border: 1px solid #83478f;\" border=\"1\" frame=\"border\" align=\"center\">\n<tbody>\n<tr>\n<td style=\"border-color: #000000;\"><strong><span style=\"font-size: small;\">Noms<\/span><\/strong><\/td>\n<td style=\"border-color: #000000; text-align: center;\"><strong><span style=\"font-size: small;\">Ville ou r\u00e9gion<\/span><\/strong><\/td>\n<\/tr>\n<tr>\n<td style=\"border-color: #000000;\"><strong>Amandinelli<br \/>\n<\/strong>Tel 02 51 91 35 84 ou 06 73 21 42 61<strong><br \/>\n<\/strong>Blog<strong> : <\/strong><a href=\"http:\/\/amandinelli.pagesperso-orange.fr\/\" target=\"_blank\">\u00a0http:\/\/amandinelli.pagesperso-orange.fr\/<\/a><strong><br \/>\n<\/strong>E-mail : gauvrit.eliane@orange.fr<strong><br \/>\n<\/strong><\/td>\n<td style=\"border-color: #000000; text-align: center;\">VENDEE<\/td>\n<\/tr>\n<tr>\n<td style=\"border-color: #000000;\"><strong>Le B\u00e9gonia d&rsquo;Or<br \/>\n<\/strong>Tel : 05 46 87 59 36<br \/>\nSite : <a href=\"http:\/\/www.broderieor.com\/accueil.html\" target=\"_blank\">www.broderieor.com<\/a><\/td>\n<td style=\"border-color: #000000; text-align: center;\">CHARENTE MARITIME<br \/>\net France enti\u00e8re<\/td>\n<\/tr>\n<tr>\n<td style=\"border-color: #000000;\"><strong>Brod&rsquo;Or &#8211; Lucie Lebeau<br \/>\n<\/strong>Tel : 05.49.88.56.10 ou 06.30.37.02.84<br \/>\nBlog : \u00a0<a href=\"http:\/\/www.brod-or.com\/les-cours\/les-modeles\/\" target=\"_blank\">http:\/\/brod-or.com\/<\/a><br \/>\nE-mail : <a href=\"mailto:lucie.lebeau@brod-or.com\" target=\"_blank\">lucie.lebeau@brod-or.com<\/a><strong><strong><br \/>\n<\/strong><\/strong><\/td>\n<td style=\"border-color: #000000; text-align: center;\">VIENNE<br \/>\net d\u00e9part. limitrophes<\/td>\n<\/tr>\n<tr>\n<td style=\"border-color: #000000;\"><strong>Nathalie Dentzer<br \/>\n<\/strong>Blog : \u00a0<a href=\"http:\/\/dentzernat.canalblog.com\/\" target=\"_blank\">http:\/\/dentzernat.canalblog.com\/<\/a><br \/>\nE-mail : <a href=\"http:\/\/www.canalblog.com\/cf\/contactAuthor.cfm?mid=492926&amp;bid=575446\" target=\"_blank\">Rubrique \u00ab\u00a0contact\u00a0\u00bb du blog<\/a><strong><br \/>\n<\/strong><\/td>\n<td style=\"border-color: #000000; text-align: center;\">PARIS<\/td>\n<\/tr>\n<tr>\n<td style=\"border-color: #000000;\"><strong>Caroline <\/strong><strong>Gamb en Alsace et Moselle<br \/>\n<\/strong>Tel : 06.76.88.24.62<br \/>\nBlog : \u00a0<a href=\"http:\/\/www.broderieplaisir.eu\/\" target=\"_blank\">http:\/\/broderieplaisir.eu\/<\/a><br \/>\nE-mail : caroline.gamb@wanadoo.fr<strong><br \/>\n<\/strong><\/td>\n<td style=\"border-color: #000000; text-align: center;\">STRASBOURG<br \/>\nAlsace Moselle<\/td>\n<\/tr>\n<tr>\n<td style=\"border-color: #000000;\"><strong>Estelle Hivernet<br \/>\n<\/strong>Blog : <a title=\"Fileuse d'\u00e9toile\" href=\"http:\/\/www.fileusedetoile.com\/\" target=\"_blank\">http:\/\/www.fileusedetoile.com\/<\/a><br \/>\nE-mail : estelle.hivernet@gmail.com<\/td>\n<td style=\"border-color: #000000; text-align: center;\">LORRAINE<br \/>\net par correspondance<\/td>\n<\/tr>\n<tr>\n<td style=\"border-color: #000000;\"><strong>Josephine de France<\/strong><br \/>\nTel : 0602693463<br \/>\nBlog : <a href=\"http:\/\/www.josephinedefrance.com\/\" target=\"_blank\">www.josephinedefrance.com<\/a><br \/>\nE-mail : info@josephinedefrance.com<\/td>\n<td style=\"border-color: #000000; text-align: center;\">AIX LES BAINS<br \/>\nGENEVE<br \/>\nLONDRES<\/td>\n<\/tr>\n<tr>\n<td style=\"border-color: #000000;\"><strong>Carole <\/strong><strong>Magne<br \/>\n<\/strong>Tel : 01.42.26.63.89 ou 06.77.02.52.26<br \/>\nBlog : <a href=\"http:\/\/broderies-carolemagne.fr.gd\/Page-d-h-accueil.htm\" target=\"_blank\">http:\/\/broderies-carolemagne.fr.gd\/<\/a><br \/>\nE-mail : carole.magne@laposte.net<strong><br \/>\n<\/strong><\/td>\n<td style=\"border-color: #000000; text-align: center;\">PARIS<\/td>\n<\/tr>\n<tr>\n<td style=\"border-color: #000000;\"><strong>Marina <\/strong><strong>Maurin<br \/>\n<\/strong>Tel : 05 55 45 61 67 Centre culturel Jean Mac\u00e9<br \/>\natelier \u00ab\u00a0la magie des fils\u00a0\u00bb<br \/>\nBlog : <a href=\"http:\/\/la-magie-des-fils.kazeo.com\/\" target=\"_blank\">http:\/\/la-magie-des-fils.kazeo.com\/<\/a><\/td>\n<td style=\"border-color: #000000; text-align: center;\">LIMOGES<br \/>\nHaute-Vienne<\/td>\n<\/tr>\n<tr>\n<td style=\"border-color: #000000;\"><strong>Manuel <\/strong><strong>Rodriguez<br \/>\n<\/strong>Tel : 06.61.13.70.63<br \/>\nBlog : <a href=\"http:\/\/manuel.rodriguez.lebrodeur.over-blog.com\/\" target=\"_blank\">http:\/\/manuel.rodriguez.lebrodeur.over-blog.com\/<\/a><br \/>\nE-mail : manurodriguez@club-internet.fr<strong><br \/>\n<\/strong><\/td>\n<td style=\"border-color: #000000; text-align: center;\">Val de Marne<br \/>\nSeine St-Denis<br \/>\nNormandie et Morbihan<br \/>\nNord et\u00a0 Belgique<\/td>\n<\/tr>\n<tr>\n<td style=\"border-color: #000000;\"><strong>Jad <\/strong><strong>Sampler<br \/>\n<\/strong>Tel : 05 45 95 64 90<br \/>\nBlog : <a href=\"http:\/\/www.lesateliersbaroques.fr\/index.html\" target=\"_blank\">http:\/\/lesateliersbaroques.fr\/index.html<\/a><\/td>\n<td style=\"border-color: #000000; text-align: center;\">ANGOULEME<br \/>\nCharente<\/td>\n<\/tr>\n<tr>\n<td style=\"border-color: #000000;\"><strong>Marie Ang\u00e8le <\/strong><strong>Viaron<br \/>\n<\/strong>Tel : 03 25 73 31 67<br \/>\nBlog : <a href=\"http:\/\/www.aufildemarieangele.com\/\" target=\"_blank\">http:\/\/www.aufildemarieangele.com\/<strong><br \/>\n<\/strong><\/a><\/td>\n<td style=\"border-color: #000000; text-align: center;\">TROYES<br \/>\nMercerie \u00ab\u00a0Sylvette\u00a0\u00bb<br \/>\nAube<\/td>\n<\/tr>\n<\/tbody>\n<\/table>\n<p>Nous vous laissons entrer directement en contact avec les brodeurs et brodeuses concern\u00e9es pour conna\u00eetre leurs sp\u00e9cialit\u00e9s, les techniques qu&rsquo;ils enseignent, ainsi que les d\u00e9tails des cours.<br \/>\nCertains d&rsquo;entre eux peuvent \u00e9galement se d\u00e9placer \u00e0 votre domicile.<\/p>\n<p>A bient\u00f4t.<\/p>\n","protected":false},"excerpt":{"rendered":"<p>Bonjour, vous vous demandez peut-\u00eatre o\u00f9 et aupr\u00e8s de qui prendre des cours de Broderie d&rsquo;Art, Broderie de Lun\u00e9ville, Broderie au ruban, Broderie d&rsquo;or, traditionnelle, etc&#8230;<\/p>\n","protected":false},"author":2,"featured_media":138,"comment_status":"open","ping_status":"open","sticky":true,"template":"","format":"aside","meta":{"_jetpack_memberships_contains_paid_content":false,"footnotes":""},"categories":[11],"tags":[14,7,12,13],"class_list":["post-122","post","type-post","status-publish","format-aside","has-post-thumbnail","hentry","category-astuces-broderie","tag-apprendre-le-crochet-de-luneville","tag-broderie-de-luneville","tag-cours-de-broderie-dart","tag-stage-de-broderie","post_format-post-format-aside"],"jetpack_featured_media_url":"http:\/\/www.brode-art.eu\/wp-content\/uploads\/2014\/05\/marieandree-1024x7671.jpg","jetpack_sharing_enabled":true,"_links":{"self":[{"href":"http:\/\/www.brode-art.eu\/index.php?rest_route=\/wp\/v2\/posts\/122","targetHints":{"allow":["GET"]}}],"collection":[{"href":"http:\/\/www.brode-art.eu\/index.php?rest_route=\/wp\/v2\/posts"}],"about":[{"href":"http:\/\/www.brode-art.eu\/index.php?rest_route=\/wp\/v2\/types\/post"}],"author":[{"embeddable":true,"href":"http:\/\/www.brode-art.eu\/index.php?rest_route=\/wp\/v2\/users\/2"}],"replies":[{"embeddable":true,"href":"http:\/\/www.brode-art.eu\/index.php?rest_route=%2Fwp%2Fv2%2Fcomments&post=122"}],"version-history":[{"count":10,"href":"http:\/\/www.brode-art.eu\/index.php?rest_route=\/wp\/v2\/posts\/122\/revisions"}],"predecessor-version":[{"id":744,"href":"http:\/\/www.brode-art.eu\/index.php?rest_route=\/wp\/v2\/posts\/122\/revisions\/744"}],"wp:featuredmedia":[{"embeddable":true,"href":"http:\/\/www.brode-art.eu\/index.php?rest_route=\/wp\/v2\/media\/138"}],"wp:attachment":[{"href":"http:\/\/www.brode-art.eu\/index.php?rest_route=%2Fwp%2Fv2%2Fmedia&parent=122"}],"wp:term":[{"taxonomy":"category","embeddable":true,"href":"http:\/\/www.brode-art.eu\/index.php?rest_route=%2Fwp%2Fv2%2Fcategories&post=122"},{"taxonomy":"post_tag","embeddable":true,"href":"http:\/\/www.brode-art.eu\/index.php?rest_route=%2Fwp%2Fv2%2Ftags&post=122"}],"curies":[{"name":"wp","href":"https:\/\/api.w.org\/{rel}","templated":true}]}}