{"id":295,"date":"2014-08-08T10:10:08","date_gmt":"2014-08-08T09:10:08","guid":{"rendered":"http:\/\/www.brode-art.eu\/?p=295"},"modified":"2014-11-19T12:05:20","modified_gmt":"2014-11-19T11:05:20","slug":"initiation-a-la-broderie-au-crochet-de-luneville-et-visite-du-marche-de-noel-de-strasbourg","status":"publish","type":"post","link":"http:\/\/www.brode-art.eu\/?p=295","title":{"rendered":"Broderie d&rsquo;Art et march\u00e9 de No\u00ebl de Strasbourg"},"content":{"rendered":"<h5>Bonjour,<br \/>\nnous organisons <strong>du 1er au 3 d\u00e9cembre 2014<\/strong> un petit s\u00e9jour alliant la Broderie d&rsquo;Art et le tourisme au c\u0153ur de la capitale de No\u00ebl. Une initiation \u00e0 la broderie au crochet de Lun\u00e9ville avec visite de Strasbourg et de ses march\u00e9s de No\u00ebl.<\/h5>\n<table>\n<tbody>\n<tr>\n<td>\n<figure id=\"attachment_297\" aria-describedby=\"caption-attachment-297\" style=\"width: 250px\" class=\"wp-caption aligncenter\"><a href=\"http:\/\/www.brode-art.eu\/wp-content\/uploads\/2014\/07\/P1150756.jpg\"><img loading=\"lazy\" decoding=\"async\" class=\"size-wcsmall wp-image-297\" src=\"http:\/\/www.brode-art.eu\/wp-content\/uploads\/2014\/07\/P1150756-250x250.jpg\" alt=\"Le lis brod\u00e9\" width=\"250\" height=\"250\" srcset=\"http:\/\/www.brode-art.eu\/wp-content\/uploads\/2014\/07\/P1150756-250x250.jpg 250w, http:\/\/www.brode-art.eu\/wp-content\/uploads\/2014\/07\/P1150756-150x150.jpg 150w, http:\/\/www.brode-art.eu\/wp-content\/uploads\/2014\/07\/P1150756-300x300.jpg 300w, http:\/\/www.brode-art.eu\/wp-content\/uploads\/2014\/07\/P1150756-1024x1024.jpg 1024w, http:\/\/www.brode-art.eu\/wp-content\/uploads\/2014\/07\/P1150756-220x220.jpg 220w, http:\/\/www.brode-art.eu\/wp-content\/uploads\/2014\/07\/P1150756-48x48.jpg 48w, http:\/\/www.brode-art.eu\/wp-content\/uploads\/2014\/07\/P1150756-550x550.jpg 550w, http:\/\/www.brode-art.eu\/wp-content\/uploads\/2014\/07\/P1150756-800x800.jpg 800w, http:\/\/www.brode-art.eu\/wp-content\/uploads\/2014\/07\/P1150756-180x180.jpg 180w, http:\/\/www.brode-art.eu\/wp-content\/uploads\/2014\/07\/P1150756-500x500.jpg 500w, http:\/\/www.brode-art.eu\/wp-content\/uploads\/2014\/07\/P1150756.jpg 1382w\" sizes=\"auto, (max-width: 250px) 100vw, 250px\" \/><\/a><figcaption id=\"caption-attachment-297\" class=\"wp-caption-text\">Le lis brod\u00e9 de Caroline Gamb<\/figcaption><\/figure><\/td>\n<td>\n<figure id=\"attachment_303\" aria-describedby=\"caption-attachment-303\" style=\"width: 300px\" class=\"wp-caption aligncenter\"><a href=\"http:\/\/www.brode-art.eu\/wp-content\/uploads\/2014\/08\/marche-strasbourg.jpg\"><img loading=\"lazy\" decoding=\"async\" class=\"size-medium wp-image-303\" src=\"http:\/\/www.brode-art.eu\/wp-content\/uploads\/2014\/08\/marche-strasbourg-300x200.jpg\" alt=\"Strasbourg, capitale de No\u00ebl\" width=\"300\" height=\"200\" srcset=\"http:\/\/www.brode-art.eu\/wp-content\/uploads\/2014\/08\/marche-strasbourg-300x200.jpg 300w, http:\/\/www.brode-art.eu\/wp-content\/uploads\/2014\/08\/marche-strasbourg-250x166.jpg 250w, http:\/\/www.brode-art.eu\/wp-content\/uploads\/2014\/08\/marche-strasbourg-269x180.jpg 269w, http:\/\/www.brode-art.eu\/wp-content\/uploads\/2014\/08\/marche-strasbourg.jpg 424w\" sizes=\"auto, (max-width: 300px) 100vw, 300px\" \/><\/a><figcaption id=\"caption-attachment-303\" class=\"wp-caption-text\">Strasbourg, capitale de No\u00ebl<\/figcaption><\/figure><\/td>\n<td>\n<figure id=\"attachment_85\" aria-describedby=\"caption-attachment-85\" style=\"width: 231px\" class=\"wp-caption aligncenter\"><a href=\"http:\/\/www.brode-art.eu\/wp-content\/uploads\/2014\/03\/038-1024x1024.jpg\"><img loading=\"lazy\" decoding=\"async\" class=\" wp-image-85\" src=\"http:\/\/www.brode-art.eu\/wp-content\/uploads\/2014\/03\/038-1024x1024-300x300.jpg\" alt=\"Broderie au crochet de Lun\u00e9ville\" width=\"231\" height=\"231\" srcset=\"http:\/\/www.brode-art.eu\/wp-content\/uploads\/2014\/03\/038-1024x1024-300x300.jpg 300w, http:\/\/www.brode-art.eu\/wp-content\/uploads\/2014\/03\/038-1024x1024-150x150.jpg 150w, http:\/\/www.brode-art.eu\/wp-content\/uploads\/2014\/03\/038-1024x1024-220x220.jpg 220w, http:\/\/www.brode-art.eu\/wp-content\/uploads\/2014\/03\/038-1024x1024.jpg 1024w\" sizes=\"auto, (max-width: 231px) 100vw, 231px\" \/><\/a><figcaption id=\"caption-attachment-85\" class=\"wp-caption-text\">Broderie au crochet de Lun\u00e9ville<\/figcaption><\/figure><\/td>\n<\/tr>\n<\/tbody>\n<\/table>\n<p>Ce s\u00e9jour sera compos\u00e9 de :<br \/>\n<strong>3 demi-journ\u00e9es d&rsquo;initiation \u00e0 la broderie au crochet de Lun\u00e9ville<\/strong>, anim\u00e9es par Caroline Gamb, cr\u00e9atrice en Broderie d&rsquo;Art form\u00e9e chez Lesage \u00e0 Paris.<br \/>\nR\u00e9alisation du lys selon le mod\u00e8le ci-dessus :<br \/>\n&#8211; montage du tissu sur le m\u00e9tier \u00e0 Broder;<br \/>\n&#8211; apprentissage de la broderie au crochet de Lun\u00e9ville (point de chainette, pose de rocailles, tubes et paillettes, pose de ruban en frou-frou).<\/p>\n<p><strong>Et 3 demi-journ\u00e9es de visite de Strasbourg<\/strong> d\u00e9cor\u00e9e aux couleurs de No\u00ebl (cath\u00e9drale, Petite France, visite guid\u00e9e avec un historien), d\u00e9jeuners dans des restaurants alsaciens typiques et visite des march\u00e9s de No\u00ebl.<\/p>\n<p>Nous serons accompagn\u00e9s d&rsquo;une <strong>traductrice japonaise<\/strong>. Ce s\u00e9jour est ouvert \u00e0 6 personnes maximum, d\u00e9couvrez-en les d\u00e9tails dans les pr\u00e9sentations ci-dessous.<\/p>\n<table style=\"height: 280px;\" width=\"663\">\n<tbody>\n<tr>\n<td>\n<figure id=\"attachment_341\" aria-describedby=\"caption-attachment-341\" style=\"width: 242px\" class=\"wp-caption aligncenter\"><a href=\"http:\/\/www.brode-art.eu\/wp-content\/uploads\/2014\/08\/flyer-fr.jpg\"><img loading=\"lazy\" decoding=\"async\" class=\" wp-image-341\" src=\"http:\/\/www.brode-art.eu\/wp-content\/uploads\/2014\/08\/flyer-fr-300x211.jpg\" alt=\"Flyer en fran\u00e7ais\" width=\"242\" height=\"170\" srcset=\"http:\/\/www.brode-art.eu\/wp-content\/uploads\/2014\/08\/flyer-fr-300x211.jpg 300w, http:\/\/www.brode-art.eu\/wp-content\/uploads\/2014\/08\/flyer-fr-1024x721.jpg 1024w, http:\/\/www.brode-art.eu\/wp-content\/uploads\/2014\/08\/flyer-fr-250x176.jpg 250w, http:\/\/www.brode-art.eu\/wp-content\/uploads\/2014\/08\/flyer-fr-550x387.jpg 550w, http:\/\/www.brode-art.eu\/wp-content\/uploads\/2014\/08\/flyer-fr-800x563.jpg 800w, http:\/\/www.brode-art.eu\/wp-content\/uploads\/2014\/08\/flyer-fr-255x180.jpg 255w, http:\/\/www.brode-art.eu\/wp-content\/uploads\/2014\/08\/flyer-fr-425x300.jpg 425w, http:\/\/www.brode-art.eu\/wp-content\/uploads\/2014\/08\/flyer-fr-709x500.jpg 709w, http:\/\/www.brode-art.eu\/wp-content\/uploads\/2014\/08\/flyer-fr.jpg 1240w\" sizes=\"auto, (max-width: 242px) 100vw, 242px\" \/><\/a><figcaption id=\"caption-attachment-341\" class=\"wp-caption-text\">Flyer en fran\u00e7ais<\/figcaption><\/figure>\n<p style=\"text-align: center;\"><a href=\"http:\/\/www.brode-art.eu\/wp-content\/uploads\/2014\/08\/flyer-fr.pdf\">Version PDF fran\u00e7ais<\/a><\/p>\n<\/td>\n<td>\n<figure id=\"attachment_330\" aria-describedby=\"caption-attachment-330\" style=\"width: 235px\" class=\"wp-caption aligncenter\"><a href=\"http:\/\/www.brode-art.eu\/wp-content\/uploads\/2014\/08\/flyer-jpn.jpg\"><img loading=\"lazy\" decoding=\"async\" class=\" wp-image-330\" src=\"http:\/\/www.brode-art.eu\/wp-content\/uploads\/2014\/08\/flyer-jpn-300x211.jpg\" alt=\"Japanese version\" width=\"235\" height=\"166\" srcset=\"http:\/\/www.brode-art.eu\/wp-content\/uploads\/2014\/08\/flyer-jpn-300x211.jpg 300w, http:\/\/www.brode-art.eu\/wp-content\/uploads\/2014\/08\/flyer-jpn-1024x721.jpg 1024w, http:\/\/www.brode-art.eu\/wp-content\/uploads\/2014\/08\/flyer-jpn-250x176.jpg 250w, http:\/\/www.brode-art.eu\/wp-content\/uploads\/2014\/08\/flyer-jpn-550x387.jpg 550w, http:\/\/www.brode-art.eu\/wp-content\/uploads\/2014\/08\/flyer-jpn-800x563.jpg 800w, http:\/\/www.brode-art.eu\/wp-content\/uploads\/2014\/08\/flyer-jpn-255x180.jpg 255w, http:\/\/www.brode-art.eu\/wp-content\/uploads\/2014\/08\/flyer-jpn-425x300.jpg 425w, http:\/\/www.brode-art.eu\/wp-content\/uploads\/2014\/08\/flyer-jpn-709x500.jpg 709w, http:\/\/www.brode-art.eu\/wp-content\/uploads\/2014\/08\/flyer-jpn-400x285.jpg 400w, http:\/\/www.brode-art.eu\/wp-content\/uploads\/2014\/08\/flyer-jpn.jpg 1240w\" sizes=\"auto, (max-width: 235px) 100vw, 235px\" \/><\/a><figcaption id=\"caption-attachment-330\" class=\"wp-caption-text\">Japanese version<\/figcaption><\/figure>\n<p style=\"text-align: center;\"><a href=\"http:\/\/www.brode-art.eu\/wp-content\/uploads\/2014\/08\/flyer-jpn-3.pdf\">Version pdf<\/a><\/p>\n<\/td>\n<td>\n<figure id=\"attachment_339\" aria-describedby=\"caption-attachment-339\" style=\"width: 246px\" class=\"wp-caption aligncenter\"><a href=\"http:\/\/www.brode-art.eu\/wp-content\/uploads\/2014\/08\/flyer-eng.jpg\"><img loading=\"lazy\" decoding=\"async\" class=\" wp-image-339\" src=\"http:\/\/www.brode-art.eu\/wp-content\/uploads\/2014\/08\/flyer-eng-300x211.jpg\" alt=\"Flyer in english\" width=\"246\" height=\"173\" srcset=\"http:\/\/www.brode-art.eu\/wp-content\/uploads\/2014\/08\/flyer-eng-300x211.jpg 300w, http:\/\/www.brode-art.eu\/wp-content\/uploads\/2014\/08\/flyer-eng-1024x721.jpg 1024w, http:\/\/www.brode-art.eu\/wp-content\/uploads\/2014\/08\/flyer-eng-250x176.jpg 250w, http:\/\/www.brode-art.eu\/wp-content\/uploads\/2014\/08\/flyer-eng-550x387.jpg 550w, http:\/\/www.brode-art.eu\/wp-content\/uploads\/2014\/08\/flyer-eng-800x563.jpg 800w, http:\/\/www.brode-art.eu\/wp-content\/uploads\/2014\/08\/flyer-eng-255x180.jpg 255w, http:\/\/www.brode-art.eu\/wp-content\/uploads\/2014\/08\/flyer-eng-425x300.jpg 425w, http:\/\/www.brode-art.eu\/wp-content\/uploads\/2014\/08\/flyer-eng-709x500.jpg 709w, http:\/\/www.brode-art.eu\/wp-content\/uploads\/2014\/08\/flyer-eng.jpg 1240w\" sizes=\"auto, (max-width: 246px) 100vw, 246px\" \/><\/a><figcaption id=\"caption-attachment-339\" class=\"wp-caption-text\">Flyer in english<\/figcaption><\/figure>\n<p style=\"text-align: center;\"><a href=\"http:\/\/www.brode-art.eu\/wp-content\/uploads\/2014\/08\/flyer-eng.pdf\">Version PDF<\/a><\/p>\n<\/td>\n<\/tr>\n<\/tbody>\n<\/table>\n<p><strong>Tarif pour les 3 jours : 650 \u20ac par personne<\/strong>.<br \/>\nIncluant les cours de Broderie (le mat\u00e9riel est pr\u00eat\u00e9, les fournitures sont incluses) les visites, les petits-d\u00e9jeuners et d\u00e9jeuners, les d\u00e9placements \u00e0 Strasbourg et 2 nuits d&rsquo;h\u00f4tel (sur la base d&rsquo;une chambre double \u00e0 l&rsquo;h\u00f4tel Ibis du centre de Strasbourg).<br \/>\nReste \u00e0 la charge des participants le transport jusqu&rsquo;\u00e0 Strasbourg aller\/retour et les diners.<\/p>\n<p>Pour vous renseigner, vous pouvez nous contacter au <strong>06 70 42 92 03<\/strong> ou nous envoyer un courriel \u00e0 notre adresse <span style=\"text-decoration: underline;\">brode-art@brode-art.eu<\/span>.<\/p>\n<p>Pour vous inscrire, veuillez compl\u00e9ter le formulaire <a href=\"http:\/\/www.brode-art.eu\/wp-content\/uploads\/2014\/08\/formulaire_inscription_noel_2014.pdf\">INSCRIPTION_PDF<\/a> et nous l&rsquo;envoyer.<br \/>\nPuis le formulaire doit nous \u00eatre adress\u00e9 par courrier, accompagn\u00e9 d&rsquo;un ch\u00e8que de r\u00e9servation de 30 % (195 \u20ac). Le solde sera \u00e0 r\u00e9gler au plus tard le 15 novembre.<\/p>\n","protected":false},"excerpt":{"rendered":"<p>Bonjour, nous organisons du 1er au 3 d\u00e9cembre 2014 un petit s\u00e9jour alliant la Broderie d&rsquo;Art et le tourisme au c\u0153ur de la capitale de No\u00ebl. Une initiation \u00e0 la broderie au crochet de Lun\u00e9ville avec visite de Strasbourg et de ses march\u00e9s de No\u00ebl. Ce s\u00e9jour sera compos\u00e9 de : 3 demi-journ\u00e9es d&rsquo;initiation \u00e0&#8230; <\/p>\n<div class=\"link-more\"><a href=\"http:\/\/www.brode-art.eu\/?p=295\">En savoir plus<\/a><\/div>\n","protected":false},"author":2,"featured_media":0,"comment_status":"open","ping_status":"open","sticky":false,"template":"","format":"aside","meta":{"_jetpack_memberships_contains_paid_content":false,"footnotes":""},"categories":[3],"tags":[],"class_list":["post-295","post","type-post","status-publish","format-aside","hentry","category-actualites","post_format-post-format-aside"],"jetpack_featured_media_url":"","jetpack_sharing_enabled":true,"_links":{"self":[{"href":"http:\/\/www.brode-art.eu\/index.php?rest_route=\/wp\/v2\/posts\/295","targetHints":{"allow":["GET"]}}],"collection":[{"href":"http:\/\/www.brode-art.eu\/index.php?rest_route=\/wp\/v2\/posts"}],"about":[{"href":"http:\/\/www.brode-art.eu\/index.php?rest_route=\/wp\/v2\/types\/post"}],"author":[{"embeddable":true,"href":"http:\/\/www.brode-art.eu\/index.php?rest_route=\/wp\/v2\/users\/2"}],"replies":[{"embeddable":true,"href":"http:\/\/www.brode-art.eu\/index.php?rest_route=%2Fwp%2Fv2%2Fcomments&post=295"}],"version-history":[{"count":31,"href":"http:\/\/www.brode-art.eu\/index.php?rest_route=\/wp\/v2\/posts\/295\/revisions"}],"predecessor-version":[{"id":414,"href":"http:\/\/www.brode-art.eu\/index.php?rest_route=\/wp\/v2\/posts\/295\/revisions\/414"}],"wp:attachment":[{"href":"http:\/\/www.brode-art.eu\/index.php?rest_route=%2Fwp%2Fv2%2Fmedia&parent=295"}],"wp:term":[{"taxonomy":"category","embeddable":true,"href":"http:\/\/www.brode-art.eu\/index.php?rest_route=%2Fwp%2Fv2%2Fcategories&post=295"},{"taxonomy":"post_tag","embeddable":true,"href":"http:\/\/www.brode-art.eu\/index.php?rest_route=%2Fwp%2Fv2%2Ftags&post=295"}],"curies":[{"name":"wp","href":"https:\/\/api.w.org\/{rel}","templated":true}]}}