{"id":488,"date":"2015-01-11T18:49:43","date_gmt":"2015-01-11T17:49:43","guid":{"rendered":"http:\/\/www.brode-art.eu\/?p=488"},"modified":"2015-04-17T14:16:28","modified_gmt":"2015-04-17T13:16:28","slug":"exposition-de-broderie-dart","status":"publish","type":"post","link":"http:\/\/www.brode-art.eu\/?p=488","title":{"rendered":"Exposition de Broderie d&rsquo;art"},"content":{"rendered":"<p>Nous organisons \u00ab\u00a0Talents 2015\u00a0\u00bb, exposition de broderie d&rsquo;art qui aura lieu \u00e0 Strasbourg du 10 au 12 avril prochain.<\/p>\n<p>Cette exposition-vente rassemblera 20 brodeurs repr\u00e9sentant diff\u00e9rentes techniques de broderie d&rsquo;art : la broderie d&rsquo;or, le perl\u00e9 paillet\u00e9 au crochet de Lun\u00e9ville ou broderie Haute-Couture, la broderie au rubans, la broderie blanche (repr\u00e9sent\u00e9e par une Meilleur Ouvrier de France) la broderie japonaise, la broderie indienne et bien d&rsquo;autres.<\/p>\n<p>\u00ab\u00a0Talents 2015\u00a0\u00bb mettra \u00e9galement en lumi\u00e8re nos \u00ab\u00a0coups de c\u0153ur\u00a0\u00bb, cr\u00e9ateurs et artisans repr\u00e9sentant des domaines d&rsquo;activit\u00e9s tels que la joaillerie, le papier d\u00e9coup\u00e9, la cr\u00e9ation textile, la dentelle aux fuseaux&#8230;<br \/>\nTous les exposants proposerons des d\u00e9monstrations de leurs techniques tout au long de l&rsquo;exposition et de <strong>nombreux ateliers<\/strong> seront propos\u00e9s aux visiteurs.<\/p>\n<p>Les associations Vetis, Aclig et Europa Donna pr\u00e9senteront \u00e9galement leurs activit\u00e9s.<\/p>\n<p>Les d\u00e9tails de l&rsquo;exposition et les inscriptions aux ateliers sont \u00e0 d\u00e9couvrir sur <a title=\"D\u00e9couvrir le blog de Talents 2015\" href=\"http:\/\/www.talents-strasbourg.eu\/\" target=\"_blank\">www.talents-strasbourg.eu<\/a> ou en cliquant sur l&rsquo;affiche ci-dessous.<\/p>\n<p><a title=\"D\u00e9couvrir le blog de Talents 2015\" href=\"http:\/\/www.talents-strasbourg.eu\/\" target=\"_blank\"><img loading=\"lazy\" decoding=\"async\" class=\"aligncenter wp-image-491 \" src=\"http:\/\/www.brode-art.eu\/wp-content\/uploads\/2015\/01\/Affiche_Talents-550x778.jpg\" alt=\"Affiche_Talents\" width=\"454\" height=\"682\" \/><\/a><\/p>\n<p>Nous vous attendons tr\u00e8s nombreux pour cette premi\u00e8re \u00e9dition, dont la marraine est Caroline Boeglin, journaliste TV et blogueuse sp\u00e9cialis\u00e9e en d\u00e9coration.<\/p>\n<p>Le prix de l&rsquo;entr\u00e9e s&rsquo;\u00e9l\u00e8ve \u00e0 3 \u20ac et un salon de th\u00e9 sera propos\u00e9 durant toute l&rsquo;exposition.<\/p>\n","protected":false},"excerpt":{"rendered":"<p>Nous organisons \u00ab\u00a0Talents 2015\u00a0\u00bb, exposition de broderie d&rsquo;art qui aura lieu \u00e0 Strasbourg du 10 au 12 avril prochain. Cette exposition-vente rassemblera 20 brodeurs repr\u00e9sentant diff\u00e9rentes techniques de broderie d&rsquo;art : la broderie d&rsquo;or, le perl\u00e9 paillet\u00e9 au crochet de Lun\u00e9ville ou broderie Haute-Couture, la broderie au rubans, la broderie blanche (repr\u00e9sent\u00e9e par une Meilleur&#8230; <\/p>\n<div class=\"link-more\"><a href=\"http:\/\/www.brode-art.eu\/?p=488\">En savoir plus<\/a><\/div>\n","protected":false},"author":2,"featured_media":0,"comment_status":"open","ping_status":"open","sticky":false,"template":"","format":"aside","meta":{"_jetpack_memberships_contains_paid_content":false,"footnotes":""},"categories":[3],"tags":[],"class_list":["post-488","post","type-post","status-publish","format-aside","hentry","category-actualites","post_format-post-format-aside"],"jetpack_featured_media_url":"","jetpack_sharing_enabled":true,"_links":{"self":[{"href":"http:\/\/www.brode-art.eu\/index.php?rest_route=\/wp\/v2\/posts\/488","targetHints":{"allow":["GET"]}}],"collection":[{"href":"http:\/\/www.brode-art.eu\/index.php?rest_route=\/wp\/v2\/posts"}],"about":[{"href":"http:\/\/www.brode-art.eu\/index.php?rest_route=\/wp\/v2\/types\/post"}],"author":[{"embeddable":true,"href":"http:\/\/www.brode-art.eu\/index.php?rest_route=\/wp\/v2\/users\/2"}],"replies":[{"embeddable":true,"href":"http:\/\/www.brode-art.eu\/index.php?rest_route=%2Fwp%2Fv2%2Fcomments&post=488"}],"version-history":[{"count":7,"href":"http:\/\/www.brode-art.eu\/index.php?rest_route=\/wp\/v2\/posts\/488\/revisions"}],"predecessor-version":[{"id":525,"href":"http:\/\/www.brode-art.eu\/index.php?rest_route=\/wp\/v2\/posts\/488\/revisions\/525"}],"wp:attachment":[{"href":"http:\/\/www.brode-art.eu\/index.php?rest_route=%2Fwp%2Fv2%2Fmedia&parent=488"}],"wp:term":[{"taxonomy":"category","embeddable":true,"href":"http:\/\/www.brode-art.eu\/index.php?rest_route=%2Fwp%2Fv2%2Fcategories&post=488"},{"taxonomy":"post_tag","embeddable":true,"href":"http:\/\/www.brode-art.eu\/index.php?rest_route=%2Fwp%2Fv2%2Ftags&post=488"}],"curies":[{"name":"wp","href":"https:\/\/api.w.org\/{rel}","templated":true}]}}