{"id":590,"date":"2015-10-23T15:18:34","date_gmt":"2015-10-23T14:18:34","guid":{"rendered":"http:\/\/www.brode-art.eu\/?p=590"},"modified":"2015-11-05T14:57:53","modified_gmt":"2015-11-05T13:57:53","slug":"atelier-perles-tissees","status":"publish","type":"post","link":"http:\/\/www.brode-art.eu\/?p=590","title":{"rendered":"Atelier perles tiss\u00e9es"},"content":{"rendered":"<p>Nous proposons \u00e0 nos adh\u00e9rents un atelier \u00ab\u00a0perles tiss\u00e9es \u00e0 l&rsquo;aiguille sur cordon coton\u00a0\u00bb en apprenant \u00e0 r\u00e9aliser un bracelet ou un collier.<\/p>\n<table>\n<tbody>\n<tr>\n<td><a href=\"http:\/\/www.brode-art.eu\/wp-content\/uploads\/2015\/10\/P1020198-1280x960.jpg\"><img loading=\"lazy\" decoding=\"async\" class=\"aligncenter wp-image-596 size-medium\" src=\"http:\/\/www.brode-art.eu\/wp-content\/uploads\/2015\/10\/P1020198-1280x960-300x225.jpg\" alt=\"P1020198 (1280x960)\" width=\"300\" height=\"225\" srcset=\"http:\/\/www.brode-art.eu\/wp-content\/uploads\/2015\/10\/P1020198-1280x960-300x225.jpg 300w, http:\/\/www.brode-art.eu\/wp-content\/uploads\/2015\/10\/P1020198-1280x960-1024x768.jpg 1024w, http:\/\/www.brode-art.eu\/wp-content\/uploads\/2015\/10\/P1020198-1280x960-250x188.jpg 250w, http:\/\/www.brode-art.eu\/wp-content\/uploads\/2015\/10\/P1020198-1280x960-550x413.jpg 550w, http:\/\/www.brode-art.eu\/wp-content\/uploads\/2015\/10\/P1020198-1280x960-800x600.jpg 800w, http:\/\/www.brode-art.eu\/wp-content\/uploads\/2015\/10\/P1020198-1280x960-240x180.jpg 240w, http:\/\/www.brode-art.eu\/wp-content\/uploads\/2015\/10\/P1020198-1280x960-400x300.jpg 400w, http:\/\/www.brode-art.eu\/wp-content\/uploads\/2015\/10\/P1020198-1280x960-667x500.jpg 667w, http:\/\/www.brode-art.eu\/wp-content\/uploads\/2015\/10\/P1020198-1280x960.jpg 1280w\" sizes=\"auto, (max-width: 300px) 100vw, 300px\" \/><\/a><\/td>\n<td><a href=\"http:\/\/www.brode-art.eu\/wp-content\/uploads\/2015\/10\/P1020194-1280x961.jpg\"><img loading=\"lazy\" decoding=\"async\" class=\"aligncenter wp-image-595 size-medium\" src=\"http:\/\/www.brode-art.eu\/wp-content\/uploads\/2015\/10\/P1020194-1280x961-300x225.jpg\" alt=\"P1020194 (1280x961)\" width=\"300\" height=\"225\" srcset=\"http:\/\/www.brode-art.eu\/wp-content\/uploads\/2015\/10\/P1020194-1280x961-300x225.jpg 300w, http:\/\/www.brode-art.eu\/wp-content\/uploads\/2015\/10\/P1020194-1280x961-1024x769.jpg 1024w, http:\/\/www.brode-art.eu\/wp-content\/uploads\/2015\/10\/P1020194-1280x961-250x188.jpg 250w, http:\/\/www.brode-art.eu\/wp-content\/uploads\/2015\/10\/P1020194-1280x961-550x413.jpg 550w, http:\/\/www.brode-art.eu\/wp-content\/uploads\/2015\/10\/P1020194-1280x961-800x601.jpg 800w, http:\/\/www.brode-art.eu\/wp-content\/uploads\/2015\/10\/P1020194-1280x961-240x180.jpg 240w, http:\/\/www.brode-art.eu\/wp-content\/uploads\/2015\/10\/P1020194-1280x961-400x300.jpg 400w, http:\/\/www.brode-art.eu\/wp-content\/uploads\/2015\/10\/P1020194-1280x961-666x500.jpg 666w, http:\/\/www.brode-art.eu\/wp-content\/uploads\/2015\/10\/P1020194-1280x961.jpg 1280w\" sizes=\"auto, (max-width: 300px) 100vw, 300px\" \/><\/a><\/td>\n<td><\/td>\n<\/tr>\n<\/tbody>\n<\/table>\n<p>L&rsquo;atelier se d\u00e9roulera le <strong>samedi 14 novembre 2015 de 14h \u00e0 16h30<\/strong>, \u00e0 <strong>Wasselonne<\/strong> (les coordonn\u00e9es compl\u00e8tes seront transmises aux inscrits).<\/p>\n<p>Cette initiation est propos\u00e9e \u00e0 tous les adh\u00e9rents de Brode-Art et \u00e0 10 personnes maximum.<br \/>\nLa participation demand\u00e9e s&rsquo;\u00e9l\u00e8ve \u00e0 8 \u20ac, une partie des fournitures est incluse (ajouter 10 \u20ac d&rsquo;adh\u00e9sion si vous n&rsquo;\u00eates pas encore membre de l&rsquo;association). Les participants devront apporter plusieurs couleurs de perles rocailles, tailles moyennes, non mont\u00e9es sur fil. Une ou deux aiguilles qui passent dans ces perles et le fil \u00e0 gants ou \u00e0 coudre assorti, un clou d&rsquo;une dizaine de cm.<\/p>\n<p><strong>Les inscriptions se font par t\u00e9l\u00e9phone aupr\u00e8s de Caroline Gamb, avant le 7 novembre, au 06.76.88.84.62.<\/strong><\/p>\n<p>A bient\u00f4t.<\/p>\n","protected":false},"excerpt":{"rendered":"<p>Nous proposons \u00e0 nos adh\u00e9rents un atelier \u00ab\u00a0perles tiss\u00e9es \u00e0 l&rsquo;aiguille sur cordon coton\u00a0\u00bb en apprenant \u00e0 r\u00e9aliser un bracelet ou un collier. L&rsquo;atelier se d\u00e9roulera le samedi 14 novembre 2015 de 14h \u00e0 16h30, \u00e0 Wasselonne (les coordonn\u00e9es compl\u00e8tes seront transmises aux inscrits). Cette initiation est propos\u00e9e \u00e0 tous les adh\u00e9rents de Brode-Art et&#8230; <\/p>\n<div class=\"link-more\"><a href=\"http:\/\/www.brode-art.eu\/?p=590\">En savoir plus<\/a><\/div>\n","protected":false},"author":2,"featured_media":0,"comment_status":"open","ping_status":"open","sticky":false,"template":"","format":"aside","meta":{"_jetpack_memberships_contains_paid_content":false,"footnotes":""},"categories":[3],"tags":[],"class_list":["post-590","post","type-post","status-publish","format-aside","hentry","category-actualites","post_format-post-format-aside"],"jetpack_featured_media_url":"","jetpack_sharing_enabled":true,"_links":{"self":[{"href":"http:\/\/www.brode-art.eu\/index.php?rest_route=\/wp\/v2\/posts\/590","targetHints":{"allow":["GET"]}}],"collection":[{"href":"http:\/\/www.brode-art.eu\/index.php?rest_route=\/wp\/v2\/posts"}],"about":[{"href":"http:\/\/www.brode-art.eu\/index.php?rest_route=\/wp\/v2\/types\/post"}],"author":[{"embeddable":true,"href":"http:\/\/www.brode-art.eu\/index.php?rest_route=\/wp\/v2\/users\/2"}],"replies":[{"embeddable":true,"href":"http:\/\/www.brode-art.eu\/index.php?rest_route=%2Fwp%2Fv2%2Fcomments&post=590"}],"version-history":[{"count":3,"href":"http:\/\/www.brode-art.eu\/index.php?rest_route=\/wp\/v2\/posts\/590\/revisions"}],"predecessor-version":[{"id":597,"href":"http:\/\/www.brode-art.eu\/index.php?rest_route=\/wp\/v2\/posts\/590\/revisions\/597"}],"wp:attachment":[{"href":"http:\/\/www.brode-art.eu\/index.php?rest_route=%2Fwp%2Fv2%2Fmedia&parent=590"}],"wp:term":[{"taxonomy":"category","embeddable":true,"href":"http:\/\/www.brode-art.eu\/index.php?rest_route=%2Fwp%2Fv2%2Fcategories&post=590"},{"taxonomy":"post_tag","embeddable":true,"href":"http:\/\/www.brode-art.eu\/index.php?rest_route=%2Fwp%2Fv2%2Ftags&post=590"}],"curies":[{"name":"wp","href":"https:\/\/api.w.org\/{rel}","templated":true}]}}