{"id":852,"date":"2018-05-14T13:12:01","date_gmt":"2018-05-14T12:12:01","guid":{"rendered":"http:\/\/www.brode-art.eu\/?p=852"},"modified":"2018-07-09T13:40:32","modified_gmt":"2018-07-09T12:40:32","slug":"ateliers-broderie-en-relief","status":"publish","type":"post","link":"http:\/\/www.brode-art.eu\/?p=852","title":{"rendered":"ATELIERS BRODERIE EN RELIEF"},"content":{"rendered":"<p>Bonjour,<br \/>\nnous sommes ravies de vous annoncer que Georgina Bellamy, la talentueuse cr\u00e9atrice londonienne, vient animer 2 ateliers de broderie en relief les 22 et 23 juin 2018 \u00e0 Wasselonne (pr\u00e8s de Strasbourg).<\/p>\n<p>Le vendredi 22 juin, de 13h \u00e0 18h, vous r\u00e9aliserez un h\u00e9risson en 3 dimensions \u00e0 base de cannetille et de perles.<br \/>\nLe samedi 23 juin de 9h \u00e0 13h, vous r\u00e9aliserez une grenouille en 3 dimensions \u00e0 base de cannetilles et de perles.<a href=\"http:\/\/www.brode-art.eu\/wp-content\/uploads\/2018\/05\/affiche-atelier-sculpture-brodee-georgina-bellamy-2018.jpg\"><img loading=\"lazy\" decoding=\"async\" class=\"aligncenter size-large wp-image-854\" src=\"http:\/\/www.brode-art.eu\/wp-content\/uploads\/2018\/05\/affiche-atelier-sculpture-brodee-georgina-bellamy-2018-724x1024.jpg\" alt=\"\" width=\"724\" height=\"1024\" srcset=\"http:\/\/www.brode-art.eu\/wp-content\/uploads\/2018\/05\/affiche-atelier-sculpture-brodee-georgina-bellamy-2018-724x1024.jpg 724w, http:\/\/www.brode-art.eu\/wp-content\/uploads\/2018\/05\/affiche-atelier-sculpture-brodee-georgina-bellamy-2018-212x300.jpg 212w, http:\/\/www.brode-art.eu\/wp-content\/uploads\/2018\/05\/affiche-atelier-sculpture-brodee-georgina-bellamy-2018-768x1086.jpg 768w\" sizes=\"auto, (max-width: 724px) 100vw, 724px\" \/><\/a><\/p>\n<p>Les renseignements et les inscriptions se font aupr\u00e8s de Caroline Gamb.<\/p>\n<p>T\u00e9l\u00e9chargez et compl\u00e9tez les inscriptions pour le h\u00e9risson en cliquant <a href=\"http:\/\/www.brode-art.eu\/wp-content\/uploads\/2018\/05\/bulletin-inscription-atelier-herisson-GEORGINA-BELLAMY-1.pdf\" target=\"_blank\" rel=\"noopener\">ICI <\/a>et pour la grenouille en cliquant <a href=\"http:\/\/www.brode-art.eu\/wp-content\/uploads\/2018\/05\/bulletin-inscription-atelier-grenouille-GEORGINA-BELLAMY-1.pdf\" target=\"_blank\" rel=\"noopener\">ICI<\/a>.<\/p>\n","protected":false},"excerpt":{"rendered":"<p>Bonjour, nous sommes ravies de vous annoncer que Georgina Bellamy, la talentueuse cr\u00e9atrice londonienne, vient animer 2 ateliers de broderie en relief les 22 et 23 juin 2018 \u00e0 Wasselonne (pr\u00e8s de Strasbourg). Le vendredi 22 juin, de 13h \u00e0 18h, vous r\u00e9aliserez un h\u00e9risson en 3 dimensions \u00e0 base de cannetille et de perles&#8230;. <\/p>\n<div class=\"link-more\"><a href=\"http:\/\/www.brode-art.eu\/?p=852\">En savoir plus<\/a><\/div>\n","protected":false},"author":2,"featured_media":855,"comment_status":"open","ping_status":"open","sticky":false,"template":"","format":"standard","meta":{"_jetpack_memberships_contains_paid_content":false,"footnotes":""},"categories":[3],"tags":[6,39],"class_list":["post-852","post","type-post","status-publish","format-standard","has-post-thumbnail","hentry","category-actualites","tag-broderie-dart","tag-broderie-en-relief"],"jetpack_featured_media_url":"http:\/\/www.brode-art.eu\/wp-content\/uploads\/2018\/05\/workshopfrog.jpg","jetpack_sharing_enabled":true,"_links":{"self":[{"href":"http:\/\/www.brode-art.eu\/index.php?rest_route=\/wp\/v2\/posts\/852","targetHints":{"allow":["GET"]}}],"collection":[{"href":"http:\/\/www.brode-art.eu\/index.php?rest_route=\/wp\/v2\/posts"}],"about":[{"href":"http:\/\/www.brode-art.eu\/index.php?rest_route=\/wp\/v2\/types\/post"}],"author":[{"embeddable":true,"href":"http:\/\/www.brode-art.eu\/index.php?rest_route=\/wp\/v2\/users\/2"}],"replies":[{"embeddable":true,"href":"http:\/\/www.brode-art.eu\/index.php?rest_route=%2Fwp%2Fv2%2Fcomments&post=852"}],"version-history":[{"count":6,"href":"http:\/\/www.brode-art.eu\/index.php?rest_route=\/wp\/v2\/posts\/852\/revisions"}],"predecessor-version":[{"id":863,"href":"http:\/\/www.brode-art.eu\/index.php?rest_route=\/wp\/v2\/posts\/852\/revisions\/863"}],"wp:featuredmedia":[{"embeddable":true,"href":"http:\/\/www.brode-art.eu\/index.php?rest_route=\/wp\/v2\/media\/855"}],"wp:attachment":[{"href":"http:\/\/www.brode-art.eu\/index.php?rest_route=%2Fwp%2Fv2%2Fmedia&parent=852"}],"wp:term":[{"taxonomy":"category","embeddable":true,"href":"http:\/\/www.brode-art.eu\/index.php?rest_route=%2Fwp%2Fv2%2Fcategories&post=852"},{"taxonomy":"post_tag","embeddable":true,"href":"http:\/\/www.brode-art.eu\/index.php?rest_route=%2Fwp%2Fv2%2Ftags&post=852"}],"curies":[{"name":"wp","href":"https:\/\/api.w.org\/{rel}","templated":true}]}}