{"id":874,"date":"2018-07-09T13:58:07","date_gmt":"2018-07-09T12:58:07","guid":{"rendered":"http:\/\/www.brode-art.eu\/?p=874"},"modified":"2022-09-15T08:14:26","modified_gmt":"2022-09-15T07:14:26","slug":"talents-2019","status":"publish","type":"post","link":"http:\/\/www.brode-art.eu\/?p=874","title":{"rendered":"TALENTS 2019"},"content":{"rendered":"<p>Nous avons le plaisir de vous annoncer que la 3\u00e8me \u00e9dition de Talents, exposition de broderie d&rsquo;art, aura lieu \u00e0 Strasbourg du 22 au 24 mars 2019.<\/p>\n<p>Elle sera parrain\u00e9e par le brodeur et styliste Pascal JAOUEN.<\/p>\n<p><a href=\"http:\/\/www.brode-art.eu\/wp-content\/uploads\/2018\/07\/Affiche_Talents_2019.jpg\"><img loading=\"lazy\" decoding=\"async\" class=\"aligncenter size-medium wp-image-876\" src=\"http:\/\/www.brode-art.eu\/wp-content\/uploads\/2018\/07\/Affiche_Talents_2019-212x300.jpg\" alt=\"\" width=\"212\" height=\"300\" srcset=\"http:\/\/www.brode-art.eu\/wp-content\/uploads\/2018\/07\/Affiche_Talents_2019-212x300.jpg 212w, http:\/\/www.brode-art.eu\/wp-content\/uploads\/2018\/07\/Affiche_Talents_2019-768x1086.jpg 768w, http:\/\/www.brode-art.eu\/wp-content\/uploads\/2018\/07\/Affiche_Talents_2019-724x1024.jpg 724w, http:\/\/www.brode-art.eu\/wp-content\/uploads\/2018\/07\/Affiche_Talents_2019.jpg 1240w\" sizes=\"auto, (max-width: 212px) 100vw, 212px\" \/><\/a><\/p>\n<p>Vous pouvez d\u00e9couvrir la liste des exposants sur le blog <a href=\"http:\/\/www.talents-strasbourg.eu\/\" target=\"_blank\" rel=\"noopener\">www.talents-strasbourg.eu<\/a><\/p>\n","protected":false},"excerpt":{"rendered":"<p>Nous avons le plaisir de vous annoncer que la 3\u00e8me \u00e9dition de Talents, exposition de broderie d&rsquo;art, aura lieu \u00e0 Strasbourg du 22 au 24 mars 2019. Elle sera parrain\u00e9e par le brodeur et styliste Pascal JAOUEN. Vous pouvez d\u00e9couvrir la liste des exposants sur le blog www.talents-strasbourg.eu<\/p>\n","protected":false},"author":2,"featured_media":876,"comment_status":"closed","ping_status":"open","sticky":true,"template":"","format":"standard","meta":{"_jetpack_memberships_contains_paid_content":false,"footnotes":""},"categories":[3],"tags":[],"class_list":["post-874","post","type-post","status-publish","format-standard","has-post-thumbnail","hentry","category-actualites"],"jetpack_featured_media_url":"http:\/\/www.brode-art.eu\/wp-content\/uploads\/2018\/07\/Affiche_Talents_2019.jpg","jetpack_sharing_enabled":true,"_links":{"self":[{"href":"http:\/\/www.brode-art.eu\/index.php?rest_route=\/wp\/v2\/posts\/874","targetHints":{"allow":["GET"]}}],"collection":[{"href":"http:\/\/www.brode-art.eu\/index.php?rest_route=\/wp\/v2\/posts"}],"about":[{"href":"http:\/\/www.brode-art.eu\/index.php?rest_route=\/wp\/v2\/types\/post"}],"author":[{"embeddable":true,"href":"http:\/\/www.brode-art.eu\/index.php?rest_route=\/wp\/v2\/users\/2"}],"replies":[{"embeddable":true,"href":"http:\/\/www.brode-art.eu\/index.php?rest_route=%2Fwp%2Fv2%2Fcomments&post=874"}],"version-history":[{"count":3,"href":"http:\/\/www.brode-art.eu\/index.php?rest_route=\/wp\/v2\/posts\/874\/revisions"}],"predecessor-version":[{"id":1003,"href":"http:\/\/www.brode-art.eu\/index.php?rest_route=\/wp\/v2\/posts\/874\/revisions\/1003"}],"wp:featuredmedia":[{"embeddable":true,"href":"http:\/\/www.brode-art.eu\/index.php?rest_route=\/wp\/v2\/media\/876"}],"wp:attachment":[{"href":"http:\/\/www.brode-art.eu\/index.php?rest_route=%2Fwp%2Fv2%2Fmedia&parent=874"}],"wp:term":[{"taxonomy":"category","embeddable":true,"href":"http:\/\/www.brode-art.eu\/index.php?rest_route=%2Fwp%2Fv2%2Fcategories&post=874"},{"taxonomy":"post_tag","embeddable":true,"href":"http:\/\/www.brode-art.eu\/index.php?rest_route=%2Fwp%2Fv2%2Ftags&post=874"}],"curies":[{"name":"wp","href":"https:\/\/api.w.org\/{rel}","templated":true}]}}