{"id":929,"date":"2019-08-19T15:37:01","date_gmt":"2019-08-19T14:37:01","guid":{"rendered":"http:\/\/www.brode-art.eu\/?p=929"},"modified":"2022-09-15T08:13:03","modified_gmt":"2022-09-15T07:13:03","slug":"atelier-dinititation-a-la-broderie-au-crochet-de-luneville","status":"publish","type":"post","link":"http:\/\/www.brode-art.eu\/?p=929","title":{"rendered":"Atelier d&rsquo;inititation \u00e0 la broderie au crochet de Lun\u00e9ville"},"content":{"rendered":"\n<p><strong>Le prochain atelier d&rsquo;initiation \u00e0 la broderie au crochet de Lun\u00e9ville est programm\u00e9 pour le mois d&rsquo;octobre.&nbsp;Il sera anim\u00e9 par Caroline GAMB, cr\u00e9atrice en broderie d&rsquo;art.<\/strong><\/p>\n\n\n\n<p><strong>L&rsquo;atelier aura lieu sur 2 jours, le jeudi 24 et le vendredi 25 octobre.<\/strong><\/p>\n\n\n\n<p>Caroline GAMB est cr\u00e9atrice en broderie d\u2019art form\u00e9e chez Lesage et a \u00e9t\u00e9 finaliste au concours \u00ab&nbsp;Un des meilleurs ouvriers de France 2015&nbsp;\u00bb en broderie haute-couture.<\/p>\n\n\n\n<p><strong>Lors de cet atelier, vous apprendrez \u00e0 monter le tissu sur le m\u00e9tier \u00e0 broder et \u00e9tudierez les points suivants :<\/strong><br>-point de cha\u00eenette au crochet de Lun\u00e9ville<br>-pose de perles et paillettes<\/p>\n\n\n\n<p>Toutes les fournitures (tissu \u00e0 broder, perles\u2026) sont comprises dans le prix du stage et le m\u00e9tier \u00e0 broder peut \u00eatre pr\u00eat\u00e9. Seuls le crochet de Lun\u00e9ville, munis d&rsquo;une pointe n\u00b0 80 et une trousse de brodeuses (aiguilles, fils \u00e0 coudre, ciseaux&#8230;) doivent \u00eatre apport\u00e9s.<\/p>\n\n\n\n<figure class=\"wp-block-image is-resized\"><img loading=\"lazy\" decoding=\"async\" src=\"http:\/\/www.brode-art.eu\/wp-content\/uploads\/2019\/08\/P1240121-1-1024x768.jpg\" alt=\"\" class=\"wp-image-931\" width=\"512\" height=\"384\" srcset=\"http:\/\/www.brode-art.eu\/wp-content\/uploads\/2019\/08\/P1240121-1-1024x768.jpg 1024w, http:\/\/www.brode-art.eu\/wp-content\/uploads\/2019\/08\/P1240121-1-300x225.jpg 300w, http:\/\/www.brode-art.eu\/wp-content\/uploads\/2019\/08\/P1240121-1-768x576.jpg 768w, http:\/\/www.brode-art.eu\/wp-content\/uploads\/2019\/08\/P1240121-1-400x300.jpg 400w, http:\/\/www.brode-art.eu\/wp-content\/uploads\/2019\/08\/P1240121-1.jpg 1600w\" sizes=\"auto, (max-width: 512px) 100vw, 512px\" \/><\/figure>\n\n\n\n<p>Tarif&nbsp;: 200\u20ac (et 10 \u20ac d&rsquo;adh\u00e9sion \u00e0 l&rsquo;association Brode-Art).<br>Lieu&nbsp;: Boutique Broderie Plaisir \u00e0 Illkirch, pr\u00e8s de Strasbourg, accessible en voiture, stationnement gratuit et tram ligne A.<\/p>\n\n\n\n<p>R\u00e9servez vite, le nombre de places est limit\u00e9 \u00e0 6 personnes.<\/p>\n\n\n\n<p><strong>Pour tout renseignement et pour les inscriptions, contacter Caroline GAMB au 06 76 88 24 62.<\/strong><\/p>\n","protected":false},"excerpt":{"rendered":"<p>Le prochain atelier d&rsquo;initiation \u00e0 la broderie au crochet de Lun\u00e9ville est programm\u00e9 pour le mois d&rsquo;octobre.&nbsp;Il sera anim\u00e9 par Caroline GAMB, cr\u00e9atrice en broderie d&rsquo;art. L&rsquo;atelier aura lieu sur 2 jours, le jeudi 24 et le vendredi 25 octobre. Caroline GAMB est cr\u00e9atrice en broderie d\u2019art form\u00e9e chez Lesage et a \u00e9t\u00e9 finaliste au&#8230; <\/p>\n<div class=\"link-more\"><a href=\"http:\/\/www.brode-art.eu\/?p=929\">En savoir plus<\/a><\/div>\n","protected":false},"author":2,"featured_media":0,"comment_status":"closed","ping_status":"open","sticky":true,"template":"","format":"standard","meta":{"_jetpack_memberships_contains_paid_content":false,"footnotes":""},"categories":[3],"tags":[],"class_list":["post-929","post","type-post","status-publish","format-standard","hentry","category-actualites"],"jetpack_featured_media_url":"","jetpack_sharing_enabled":true,"_links":{"self":[{"href":"http:\/\/www.brode-art.eu\/index.php?rest_route=\/wp\/v2\/posts\/929","targetHints":{"allow":["GET"]}}],"collection":[{"href":"http:\/\/www.brode-art.eu\/index.php?rest_route=\/wp\/v2\/posts"}],"about":[{"href":"http:\/\/www.brode-art.eu\/index.php?rest_route=\/wp\/v2\/types\/post"}],"author":[{"embeddable":true,"href":"http:\/\/www.brode-art.eu\/index.php?rest_route=\/wp\/v2\/users\/2"}],"replies":[{"embeddable":true,"href":"http:\/\/www.brode-art.eu\/index.php?rest_route=%2Fwp%2Fv2%2Fcomments&post=929"}],"version-history":[{"count":5,"href":"http:\/\/www.brode-art.eu\/index.php?rest_route=\/wp\/v2\/posts\/929\/revisions"}],"predecessor-version":[{"id":1002,"href":"http:\/\/www.brode-art.eu\/index.php?rest_route=\/wp\/v2\/posts\/929\/revisions\/1002"}],"wp:attachment":[{"href":"http:\/\/www.brode-art.eu\/index.php?rest_route=%2Fwp%2Fv2%2Fmedia&parent=929"}],"wp:term":[{"taxonomy":"category","embeddable":true,"href":"http:\/\/www.brode-art.eu\/index.php?rest_route=%2Fwp%2Fv2%2Fcategories&post=929"},{"taxonomy":"post_tag","embeddable":true,"href":"http:\/\/www.brode-art.eu\/index.php?rest_route=%2Fwp%2Fv2%2Ftags&post=929"}],"curies":[{"name":"wp","href":"https:\/\/api.w.org\/{rel}","templated":true}]}}